{"id":33062,"date":"2020-10-20T15:00:17","date_gmt":"2020-10-20T13:00:17","guid":{"rendered":"https:\/\/www.pictomind.com\/?p=33062"},"modified":"2021-01-10T11:14:30","modified_gmt":"2021-01-10T09:14:30","slug":"statistik-in-der-krise-paneldiskussion-der-dstatg-zum-world-statistics-day-2020","status":"publish","type":"post","link":"https:\/\/www.pictomind.com\/ja\/statistik-in-der-krise-paneldiskussion-der-dstatg-zum-world-statistics-day-2020\/","title":{"rendered":"\u5371\u6a5f\u306e\u4e2d\u306e\u7d71\u8a08\u5b66 - 2020\u5e74\u4e16\u754c\u7d71\u8a08\u30c7\u30fc\u306e\u305f\u3081\u306eDStatG\u30d1\u30cd\u30eb\u30c7\u30a3\u30b9\u30ab\u30c3\u30b7\u30e7\u30f3"},"content":{"rendered":"<p>2020\u5e74\u4e16\u754c\u7d71\u8a08\u30c7\u30fc\u306e\u4e00\u74b0\u3068\u3057\u3066\u3001\u4e16\u754c\u7d71\u8a08\u30c7\u30fc\u304c\u958b\u50ac\u3055\u308c\u308b\u3002<strong> \u30c6\u30fc\u30de\u300c\u5371\u6a5f\u306b\u304a\u3051\u308b\u7d71\u8a08\u5b66\u300d\u306e\u30d1\u30cd\u30eb\u30c7\u30a3\u30b9\u30ab\u30c3\u30b7\u30e7\u30f3<\/strong> \u30c9\u30a4\u30c4\u7d71\u8a08\u5354\u4f1a\u3068\u306e\u5171\u50ac <a href=\"https:\/\/dstatg.de\">DStatG<\/a> \u305d\u3057\u3066\u3001\u6b21\u306e\u3088\u3046\u306a\u30e1\u30f3\u30d0\u30fc\u3067\u69cb\u6210\u3055\u308c\u308b\u30a4\u30f3\u30cd\u30f3\u30b7\u30e5\u30bf\u30c3\u30c8\uff1a<\/p>\n<ul>\n<li><strong>\u30e9\u30eb\u30d5\u30fb\u30df\u30e5\u30f3\u30cb\u30c3\u30d2\u6559\u6388<\/strong> (\u30c9\u30a4\u30c4\u7d71\u8a08\u5b66\u4f1a\u7406\u4e8b\u3002\u30c8\u30ea\u30a2\u30fc\u5927\u5b66\u7d4c\u6e08\u30fb\u793e\u4f1a\u7d71\u8a08\u5b66\u6559\u6388\u3002\uff09<\/li>\n<li><strong>\u30c0\u30cb\u30a8\u30eb\u30fb\u30d5\u30a9\u30eb\u30b0\u30ea\u30e0\u30e9\u30fc\u535a\u58eb<\/strong> (\u6226\u7565\u30fb\u8a08\u753b\u3001\u56fd\u969b\u95a2\u4fc2\u3001\u7814\u7a76\u30fb\u30b3\u30df\u30e5\u30cb\u30b1\u30fc\u30b7\u30e7\u30f3\u3001\u9023\u90a6\u7d71\u8a08\u5c40B\u30c1\u30fc\u30e0\u30ea\u30fc\u30c0\u30fc)<\/li>\n<li><strong>\u30ab\u30bf\u30ea\u30fc\u30ca\u30fb\u30b7\u30e5\u30e9\u30fc<\/strong> (\u30c9\u30a4\u30c4\u7d71\u8a08\u5b66\u4f1a\u4f1a\u9577\u3001STAT-UP\u7d71\u8a08\u30b3\u30f3\u30b5\u30eb\u30c6\u30a3\u30f3\u30b0\uff06\u30c7\u30fc\u30bf\u30b5\u30a4\u30a8\u30f3\u30b9CEO\uff09<\/li>\n<li><strong>\u30f4\u30a1\u30eb\u30bf\u30fc\u30fb\u30ec\u30fc\u30c0\u30fc\u30de\u30c3\u30cf\u30fc<\/strong> (\u30e6\u30fc\u30ed\u30b9\u30bf\u30c3\u30c8\u7dcf\u8cac\u4efb\u8005\u517c\u9023\u90a6\u7d71\u8a08\u5c40\u7dcf\u88c1\u3001\u6b27\u5dde\u7d71\u8a08\u5354\u4f1a\u9023\u76df\u4f1a\u9577\uff09\u3002<\/li>\n<li><strong>\u30d8\u30eb\u30e0\u30fc\u30c8\u30fb\u30ad\u30e5\u30d2\u30a7\u30ce\u30d5\u6559\u6388<\/strong> (\u30df\u30e5\u30f3\u30d8\u30f3\u5927\u5b66\u7d71\u8a08\u5b66\u6559\u6388\uff09<\/li>\n<\/ul>\n<p><em>\u300c\u30b3\u30ed\u30ca\u306b\u3088\u3063\u3066\u4e16\u754c\u306f\u5371\u6a5f\u306e\u4e2d\u306b\u3042\u308b\u3002\u305d\u306e\u305f\u3081\u3001\u591a\u304f\u306e\u60c5\u5831\u91cf\u304c\u5e38\u306b\u6d41\u3055\u308c\u3066\u3044\u308b\u3002\u3057\u304b\u3057\u3001\u3053\u306e\u6570\u5b57\u306f\u3069\u3053\u304b\u3089\u6765\u308b\u306e\u304b\u3001\u4f55\u3092\u610f\u5473\u3059\u308b\u306e\u304b\u3001\u305d\u3057\u3066\u4f55\u304c\u91cd\u8981\u306a\u306e\u304b\uff1f\"<\/em><\/p>\n<p>\u3053\u306e\u30da\u30fc\u30b8\u3067\u306f\u3001\u5927\u4f1a\u306e\u5168\u5bb9\u3092\u3054\u89a7\u3044\u305f\u3060\u3051\u307e\u3059\uff1a <a href=\"https:\/\/youtu.be\/3zwpCjGn4O8\" target=\"_blank\" rel=\"noopener noreferrer\">https:\/\/youtu.be\/3zwpCjGn4O8<\/a><\/p>","protected":false},"excerpt":{"rendered":"<p>Anl\u00e4\u00dflich des World Statistic Day 2020 fand eine Panel-Diskussion zum Thema &#8220;Statistik in der Krise&#8221; mit mit der Deutschen Statistischen Gesellschaft DStatG und folgenden TeilnehmerInnenstatt: Prof. Dr. Ralf M\u00fcnnich (Vorsitzender der Deutschen Statistischen Gesellschaft. Leiter der Professur f\u00fcr Wirtschaft- und Sozialstatistik an der Universit\u00e4t Trier) Dr. Daniel Vorgrimler (Strategie und Planung, Internationale Beziehungen, Forschung und Kommunikatio; Leiter Abteilung B beim Statistischen Bundesamt\/Destatis) Katharina Sch\u00fcller (Vorstandsmitglied Deutsche Statistische Gesellschaft, CEO STAT-UP Statistical Consulting &amp; Data Science) Walter Radermacher (Ehemals Generaldirektor Eurostat und Pr\u00e4sident des Statistischen Bundesamtes; Pr\u00e4sident &#8220;The Federation of European National Statistical Societies&#8221;) Prof. Dr. Helmut K\u00fcchenoff (Professor f\u00fcr Statistik an der Ludwig-Maximilians-Universit\u00e4t M\u00fcnchen) &#8220;Die Welt befindet sich in einer [&hellip;]<\/p>","protected":false},"author":5,"featured_media":33068,"comment_status":"closed","ping_status":"closed","sticky":false,"template":"","format":"standard","meta":{"_acf_changed":false,"_et_pb_use_builder":"","_et_pb_old_content":"","_et_gb_content_width":"","inline_featured_image":false,"footnotes":"","_links_to":"","_links_to_target":""},"categories":[1],"tags":[],"class_list":["post-33062","post","type-post","status-publish","format-standard","has-post-thumbnail","hentry","category-uncategorized"],"acf":[],"_links":{"self":[{"href":"https:\/\/www.pictomind.com\/ja\/wp-json\/wp\/v2\/posts\/33062","targetHints":{"allow":["GET"]}}],"collection":[{"href":"https:\/\/www.pictomind.com\/ja\/wp-json\/wp\/v2\/posts"}],"about":[{"href":"https:\/\/www.pictomind.com\/ja\/wp-json\/wp\/v2\/types\/post"}],"author":[{"embeddable":true,"href":"https:\/\/www.pictomind.com\/ja\/wp-json\/wp\/v2\/users\/5"}],"replies":[{"embeddable":true,"href":"https:\/\/www.pictomind.com\/ja\/wp-json\/wp\/v2\/comments?post=33062"}],"version-history":[{"count":4,"href":"https:\/\/www.pictomind.com\/ja\/wp-json\/wp\/v2\/posts\/33062\/revisions"}],"predecessor-version":[{"id":33070,"href":"https:\/\/www.pictomind.com\/ja\/wp-json\/wp\/v2\/posts\/33062\/revisions\/33070"}],"wp:featuredmedia":[{"embeddable":true,"href":"https:\/\/www.pictomind.com\/ja\/wp-json\/wp\/v2\/media\/33068"}],"wp:attachment":[{"href":"https:\/\/www.pictomind.com\/ja\/wp-json\/wp\/v2\/media?parent=33062"}],"wp:term":[{"taxonomy":"category","embeddable":true,"href":"https:\/\/www.pictomind.com\/ja\/wp-json\/wp\/v2\/categories?post=33062"},{"taxonomy":"post_tag","embeddable":true,"href":"https:\/\/www.pictomind.com\/ja\/wp-json\/wp\/v2\/tags?post=33062"}],"curies":[{"name":"wp","href":"https:\/\/api.w.org\/{rel}","templated":true}]}}